{"id":2844,"date":"2019-04-12T12:00:47","date_gmt":"2019-04-12T12:00:47","guid":{"rendered":"http:\/\/zipzapsocial.com\/?p=2844"},"modified":"2019-04-18T11:08:22","modified_gmt":"2019-04-18T11:08:22","slug":"arranquem-2019-amb-forca","status":"publish","type":"post","link":"https:\/\/zipzapsocial.com\/ca\/arranquem-2019-amb-forca\/","title":{"rendered":"Arranquem 2019 amb for\u00e7a!"},"content":{"rendered":"<p>A Zip Zap Social hem comen\u00e7at 2019 amb energia incorporant<a href=\"http:\/\/zipzapsocial.com\/nosotros\/\" target=\"_blank\" rel=\"noopener\"><strong> nous talents<\/strong><\/a> al nostre equip i <strong>sumant clients<\/strong>.<\/p>\n<p>&nbsp;<\/p>\n<p>D&#8217;una banda, davant l\u2019augment de la demanda de desenvolupaments tecnol\u00f2gics hem ampliat el <strong>departament inform\u00e0tic<\/strong> de Zip Zap Social amb dues noves incorporacions. Benvinguts Uriel i Labrador! Tamb\u00e9 volem donar la benvinguda al Pere i al Jaume, el nostre nou equip comercial que comercialitzar\u00e0 els productes que s&#8217;han desenvolupat durant els \u00faltims 6 mesos des de nous projectes. Segur que seran un \u00e8xit!<\/p>\n<p>&nbsp;<\/p>\n<p>A m\u00e9s, a Zip Zap Social creiem que la formaci\u00f3 constant \u00e9s un dels valors que ens fa diferents i ens permet cr\u00e9ixer cada dia. Per aix\u00f2 hem posat en marxa <a href=\"https:\/\/www.youtube.com\/watch?v=Q31JtjxlTsw\" target=\"_blank\" rel=\"noopener\"><strong>Zip Zap En Forma<\/strong><\/a>, una iniciativa a partir de la qual cada mes un client ens brinda una confer\u00e8ncia centrada en el seu sector. Fins ara hem pogut comptar amb la pres\u00e8ncia del dissenyador gr\u00e0fic cofundador de Bisdixit i guanyador de 40 Premis Laus Pere \u00c1lvaro que ens va parlar de <strong>branding i naming<\/strong>, del director t\u00e8cnic de l&#8217;<a href=\"http:\/\/www.efav.cat\/\" target=\"_blank\" rel=\"noopener\">Escola de Formaci\u00f3 Aeron\u00e0utica de Vilanova i la Geltr\u00fa (EFAV)<\/a> \u00c1lvaro Molinuevo que es va centrar en la<strong> formaci\u00f3<\/strong> i del gerent del <a href=\"https:\/\/www.grupcostabravacentre.com\/ca\/\" target=\"_blank\" rel=\"noopener\">Grup Costa Brava Centre<\/a> Mart\u00ed Sabri\u00e0 que va abordar el <strong>turisme<\/strong>.<\/p>\n<p>&nbsp;<\/p>\n<p>En l&#8217;<strong>\u00e0mbit de la formaci\u00f3 i del desenvolupament de nous projectes<\/strong>, les nostres companyes Laia i Clara van assistir a <a href=\"http:\/\/zipzapsocial.com\/ca\/sense-categoria\/lequip-de-zip-zap-social-a-la-i-conferencia-catalana-de-la-comunicacio-i-el-vi\/\" target=\"_blank\" rel=\"noopener\">Comuvicat<\/a>, la primera Confer\u00e8ncia Catalana de la Comunicaci\u00f3 i el Vi. Un \u00e0mbit en el qual estem treballant des de fa anys i al qual volem contribuir amb noves propostes que llan\u00e7arem en breu.<\/p>\n<p>&nbsp;<\/p>\n<p>Aquest primer trimestre de l&#8217;any ha estat tamb\u00e9 un <strong>per\u00edode de viatges i reunions<\/strong>. <strong>Vam visitar M\u00e8xic en dues ocasions<\/strong> tant per formar el nostre propi equip com per formar els equips de m\u00e0rqueting educacional d&#8217;un dels nostres clients all\u00e0, l&#8217;<a href=\"https:\/\/amerike.edu.mx\/\" target=\"_blank\" rel=\"noopener\">Institut d&#8217;Estudis Universitaris Amerike<\/a>. En aquests tres primers mesos de 2019 <a href=\"http:\/\/zipzapsocial.com\/ca\/sense-categoria\/zip-zap-presenta-el-projecte-ate-a-les-universitats-que-imparteixen-el-grau-en-arquitectura-tecnica-i-edificacio\/\" target=\"_blank\" rel=\"noopener\"><strong>hem viatjat tamb\u00e9 a Madrid <\/strong><\/a>on ens hem reunit amb directors de 24 escoles universit\u00e0ries i 50 representants de col\u00b7legis d&#8217;aparelladors de tota Espanya per explicar i evolucionar el projecte &#8216;<a href=\"https:\/\/www.arquitecturatecnicayedificacion.es\/\" target=\"_blank\" rel=\"noopener\">ATE: Arquitectura T\u00e8cnica i Edificaci\u00f3<\/a>&#8216;. Una iniciativa impulsada per <a href=\"http:\/\/www.premaat.es\/\" target=\"_blank\" rel=\"noopener\">PREMAAT<\/a> que t\u00e9 com a objectius millorar la reputaci\u00f3 i la notorietat de la professi\u00f3 de l&#8217;arquitecte t\u00e8cnic i donar a con\u00e8ixer els estudis universitaris obligatoris per exercir-la.<\/p>\n<p>&nbsp;<\/p>\n<p>Tamb\u00e9 hem impartit <strong><a href=\"http:\/\/zipzapsocial.com\/ca\/sense-categoria\/de-la-ota-a-la-venda-directa\/\" target=\"_blank\" rel=\"noopener\">confer\u00e8ncies organitzades pel Grup Costa Brava Centre<\/a> sobre els beneficis de vendre directament a trav\u00e9s de la p\u00e0gina web prescindint de les OTAs <\/strong>a les quals han assistit 45 establiments hotelers de tot Catalunya.<\/p>\n<p>&nbsp;<\/p>\n<p>I qu\u00e8 dir dels nostres <strong>nous clients<\/strong>? Hem comen\u00e7at 2019 amb molta for\u00e7a i estem desenvolupant nous projectes per a <a href=\"http:\/\/www.harleygirona.com\/\" target=\"_blank\" rel=\"noopener\">Harley Davidson<\/a>, <a href=\"https:\/\/remmguitart.com\/\" target=\"_blank\" rel=\"noopener\">Renault<\/a>, l&#8217;\u00a0<a href=\"http:\/\/www.escolartolot.cat\/\" target=\"_blank\" rel=\"noopener\">Escuela de Arte y Superior de Dise\u00f1o de Olot<\/a>, <a href=\"https:\/\/tritonllafranc.com\/\" target=\"_blank\" rel=\"noopener\">Triton Diving Club<\/a>, <a href=\"https:\/\/www.cliperplatjadaro.com\/\" target=\"_blank\" rel=\"noopener\">Apartamentos Cliper<\/a>, <a href=\"https:\/\/masrabiol.com\/\" target=\"_blank\" rel=\"noopener\">Hotel Mas Rabiol<\/a>, <a href=\"https:\/\/www.hostaldalfo.com\/\" target=\"_blank\" rel=\"noopener\">Hostal Can Dalf\u00f3<\/a>, <a href=\"http:\/\/www.elracodelacristina.com\/\" target=\"_blank\" rel=\"noopener\">El Rac\u00f3 de la Cristina<\/a> i l&#8217;\u00a0<a href=\"https:\/\/www.hotelbarcarola.es\/\" target=\"_blank\" rel=\"noopener\">Hotel Barcarola<\/a>.<\/p>\n<p>&nbsp;<\/p>\n<p>Seguim!<\/p>\n","protected":false},"excerpt":{"rendered":"<p>A Zip Zap Social hem comen\u00e7at 2019 amb energia incorporant nous talents al nostre equip i sumant clients. &nbsp; D&#8217;una banda, davant l\u2019augment de la demanda de desenvolupaments tecnol\u00f2gics hem ampliat el departament inform\u00e0tic de Zip Zap Social amb dues&hellip;<\/p>\n","protected":false},"author":3,"featured_media":2842,"comment_status":"closed","ping_status":"closed","sticky":false,"template":"","format":"standard","meta":[],"categories":[105],"tags":[],"yoast_head":"<!-- This site is optimized with the Yoast SEO plugin v18.3 - https:\/\/yoast.com\/wordpress\/plugins\/seo\/ -->\n<title>Arranquem 2019 amb for\u00e7a! - ZipZap Social<\/title>\n<meta name=\"robots\" content=\"index, follow, max-snippet:-1, max-image-preview:large, max-video-preview:-1\" \/>\n<link rel=\"canonical\" href=\"https:\/\/zipzapsocial.com\/ca\/arranquem-2019-amb-forca\/\" \/>\n<meta property=\"og:locale\" content=\"ca_ES\" \/>\n<meta property=\"og:type\" content=\"article\" \/>\n<meta property=\"og:title\" content=\"Arranquem 2019 amb for\u00e7a! - ZipZap Social\" \/>\n<meta property=\"og:description\" content=\"A Zip Zap Social hem comen\u00e7at 2019 amb energia incorporant nous talents al nostre equip i sumant clients. &nbsp; D&#8217;una banda, davant l\u2019augment de la demanda de desenvolupaments tecnol\u00f2gics hem ampliat el departament inform\u00e0tic de Zip Zap Social amb dues&hellip;\" \/>\n<meta property=\"og:url\" content=\"https:\/\/zipzapsocial.com\/ca\/arranquem-2019-amb-forca\/\" \/>\n<meta property=\"og:site_name\" content=\"ZipZap Social\" \/>\n<meta property=\"article:published_time\" content=\"2019-04-12T12:00:47+00:00\" \/>\n<meta property=\"article:modified_time\" content=\"2019-04-18T11:08:22+00:00\" \/>\n<meta property=\"og:image\" content=\"https:\/\/zipzapsocial.com\/wp-content\/uploads\/2019\/04\/075A5865.jpg\" \/>\n\t<meta property=\"og:image:width\" content=\"1378\" \/>\n\t<meta property=\"og:image:height\" content=\"800\" \/>\n\t<meta property=\"og:image:type\" content=\"image\/jpeg\" \/>\n<meta name=\"twitter:card\" content=\"summary_large_image\" \/>\n<meta name=\"twitter:label1\" content=\"Escrit per\" \/>\n\t<meta name=\"twitter:data1\" content=\"David\" \/>\n\t<meta name=\"twitter:label2\" content=\"Temps estimat de lectura\" \/>\n\t<meta name=\"twitter:data2\" content=\"2 minuts\" \/>\n<script type=\"application\/ld+json\" class=\"yoast-schema-graph\">{\"@context\":\"https:\/\/schema.org\",\"@graph\":[{\"@type\":\"WebSite\",\"@id\":\"https:\/\/zipzapsocial.com\/#website\",\"url\":\"https:\/\/zipzapsocial.com\/\",\"name\":\"ZipZap Social\",\"description\":\"Just another WordPress site\",\"potentialAction\":[{\"@type\":\"SearchAction\",\"target\":{\"@type\":\"EntryPoint\",\"urlTemplate\":\"https:\/\/zipzapsocial.com\/?s={search_term_string}\"},\"query-input\":\"required name=search_term_string\"}],\"inLanguage\":\"ca\"},{\"@type\":\"ImageObject\",\"@id\":\"https:\/\/zipzapsocial.com\/ca\/arranquem-2019-amb-forca\/#primaryimage\",\"inLanguage\":\"ca\",\"url\":\"https:\/\/zipzapsocial.com\/wp-content\/uploads\/2019\/04\/075A5865.jpg\",\"contentUrl\":\"https:\/\/zipzapsocial.com\/wp-content\/uploads\/2019\/04\/075A5865.jpg\",\"width\":1378,\"height\":800},{\"@type\":\"WebPage\",\"@id\":\"https:\/\/zipzapsocial.com\/ca\/arranquem-2019-amb-forca\/#webpage\",\"url\":\"https:\/\/zipzapsocial.com\/ca\/arranquem-2019-amb-forca\/\",\"name\":\"Arranquem 2019 amb for\u00e7a! - ZipZap Social\",\"isPartOf\":{\"@id\":\"https:\/\/zipzapsocial.com\/#website\"},\"primaryImageOfPage\":{\"@id\":\"https:\/\/zipzapsocial.com\/ca\/arranquem-2019-amb-forca\/#primaryimage\"},\"datePublished\":\"2019-04-12T12:00:47+00:00\",\"dateModified\":\"2019-04-18T11:08:22+00:00\",\"author\":{\"@id\":\"https:\/\/zipzapsocial.com\/#\/schema\/person\/8e70e506ef950a7d5bb7b39d4fceb6d1\"},\"breadcrumb\":{\"@id\":\"https:\/\/zipzapsocial.com\/ca\/arranquem-2019-amb-forca\/#breadcrumb\"},\"inLanguage\":\"ca\",\"potentialAction\":[{\"@type\":\"ReadAction\",\"target\":[\"https:\/\/zipzapsocial.com\/ca\/arranquem-2019-amb-forca\/\"]}]},{\"@type\":\"BreadcrumbList\",\"@id\":\"https:\/\/zipzapsocial.com\/ca\/arranquem-2019-amb-forca\/#breadcrumb\",\"itemListElement\":[{\"@type\":\"ListItem\",\"position\":1,\"name\":\"Portada\",\"item\":\"https:\/\/zipzapsocial.com\/ca\/\"},{\"@type\":\"ListItem\",\"position\":2,\"name\":\"Arranquem 2019 amb for\u00e7a!\"}]},{\"@type\":\"Person\",\"@id\":\"https:\/\/zipzapsocial.com\/#\/schema\/person\/8e70e506ef950a7d5bb7b39d4fceb6d1\",\"name\":\"David\",\"image\":{\"@type\":\"ImageObject\",\"@id\":\"https:\/\/zipzapsocial.com\/#personlogo\",\"inLanguage\":\"ca\",\"url\":\"https:\/\/secure.gravatar.com\/avatar\/c95ce2af4fc4839f3ffe6fcbb0b0481b?s=96&d=mm&r=g\",\"contentUrl\":\"https:\/\/secure.gravatar.com\/avatar\/c95ce2af4fc4839f3ffe6fcbb0b0481b?s=96&d=mm&r=g\",\"caption\":\"David\"},\"url\":\"https:\/\/zipzapsocial.com\/ca\/author\/david\/\"}]}<\/script>\n<!-- \/ Yoast SEO plugin. -->","yoast_head_json":{"title":"Arranquem 2019 amb for\u00e7a! - ZipZap Social","robots":{"index":"index","follow":"follow","max-snippet":"max-snippet:-1","max-image-preview":"max-image-preview:large","max-video-preview":"max-video-preview:-1"},"canonical":"https:\/\/zipzapsocial.com\/ca\/arranquem-2019-amb-forca\/","og_locale":"ca_ES","og_type":"article","og_title":"Arranquem 2019 amb for\u00e7a! - ZipZap Social","og_description":"A Zip Zap Social hem comen\u00e7at 2019 amb energia incorporant nous talents al nostre equip i sumant clients. &nbsp; D&#8217;una banda, davant l\u2019augment de la demanda de desenvolupaments tecnol\u00f2gics hem ampliat el departament inform\u00e0tic de Zip Zap Social amb dues&hellip;","og_url":"https:\/\/zipzapsocial.com\/ca\/arranquem-2019-amb-forca\/","og_site_name":"ZipZap Social","article_published_time":"2019-04-12T12:00:47+00:00","article_modified_time":"2019-04-18T11:08:22+00:00","og_image":[{"width":1378,"height":800,"url":"https:\/\/zipzapsocial.com\/wp-content\/uploads\/2019\/04\/075A5865.jpg","type":"image\/jpeg"}],"twitter_card":"summary_large_image","twitter_misc":{"Escrit per":"David","Temps estimat de lectura":"2 minuts"},"schema":{"@context":"https:\/\/schema.org","@graph":[{"@type":"WebSite","@id":"https:\/\/zipzapsocial.com\/#website","url":"https:\/\/zipzapsocial.com\/","name":"ZipZap Social","description":"Just another WordPress site","potentialAction":[{"@type":"SearchAction","target":{"@type":"EntryPoint","urlTemplate":"https:\/\/zipzapsocial.com\/?s={search_term_string}"},"query-input":"required name=search_term_string"}],"inLanguage":"ca"},{"@type":"ImageObject","@id":"https:\/\/zipzapsocial.com\/ca\/arranquem-2019-amb-forca\/#primaryimage","inLanguage":"ca","url":"https:\/\/zipzapsocial.com\/wp-content\/uploads\/2019\/04\/075A5865.jpg","contentUrl":"https:\/\/zipzapsocial.com\/wp-content\/uploads\/2019\/04\/075A5865.jpg","width":1378,"height":800},{"@type":"WebPage","@id":"https:\/\/zipzapsocial.com\/ca\/arranquem-2019-amb-forca\/#webpage","url":"https:\/\/zipzapsocial.com\/ca\/arranquem-2019-amb-forca\/","name":"Arranquem 2019 amb for\u00e7a! - ZipZap Social","isPartOf":{"@id":"https:\/\/zipzapsocial.com\/#website"},"primaryImageOfPage":{"@id":"https:\/\/zipzapsocial.com\/ca\/arranquem-2019-amb-forca\/#primaryimage"},"datePublished":"2019-04-12T12:00:47+00:00","dateModified":"2019-04-18T11:08:22+00:00","author":{"@id":"https:\/\/zipzapsocial.com\/#\/schema\/person\/8e70e506ef950a7d5bb7b39d4fceb6d1"},"breadcrumb":{"@id":"https:\/\/zipzapsocial.com\/ca\/arranquem-2019-amb-forca\/#breadcrumb"},"inLanguage":"ca","potentialAction":[{"@type":"ReadAction","target":["https:\/\/zipzapsocial.com\/ca\/arranquem-2019-amb-forca\/"]}]},{"@type":"BreadcrumbList","@id":"https:\/\/zipzapsocial.com\/ca\/arranquem-2019-amb-forca\/#breadcrumb","itemListElement":[{"@type":"ListItem","position":1,"name":"Portada","item":"https:\/\/zipzapsocial.com\/ca\/"},{"@type":"ListItem","position":2,"name":"Arranquem 2019 amb for\u00e7a!"}]},{"@type":"Person","@id":"https:\/\/zipzapsocial.com\/#\/schema\/person\/8e70e506ef950a7d5bb7b39d4fceb6d1","name":"David","image":{"@type":"ImageObject","@id":"https:\/\/zipzapsocial.com\/#personlogo","inLanguage":"ca","url":"https:\/\/secure.gravatar.com\/avatar\/c95ce2af4fc4839f3ffe6fcbb0b0481b?s=96&d=mm&r=g","contentUrl":"https:\/\/secure.gravatar.com\/avatar\/c95ce2af4fc4839f3ffe6fcbb0b0481b?s=96&d=mm&r=g","caption":"David"},"url":"https:\/\/zipzapsocial.com\/ca\/author\/david\/"}]}},"_links":{"self":[{"href":"https:\/\/zipzapsocial.com\/ca\/wp-json\/wp\/v2\/posts\/2844\/"}],"collection":[{"href":"https:\/\/zipzapsocial.com\/ca\/wp-json\/wp\/v2\/posts\/"}],"about":[{"href":"https:\/\/zipzapsocial.com\/ca\/wp-json\/wp\/v2\/types\/post\/"}],"author":[{"embeddable":true,"href":"https:\/\/zipzapsocial.com\/ca\/wp-json\/wp\/v2\/users\/3\/"}],"replies":[{"embeddable":true,"href":"https:\/\/zipzapsocial.com\/ca\/wp-json\/wp\/v2\/comments\/?post=2844"}],"version-history":[{"count":3,"href":"https:\/\/zipzapsocial.com\/ca\/wp-json\/wp\/v2\/posts\/2844\/revisions\/"}],"predecessor-version":[{"id":2866,"href":"https:\/\/zipzapsocial.com\/ca\/wp-json\/wp\/v2\/posts\/2844\/revisions\/2866\/"}],"wp:featuredmedia":[{"embeddable":true,"href":"https:\/\/zipzapsocial.com\/ca\/wp-json\/wp\/v2\/media\/2842\/"}],"wp:attachment":[{"href":"https:\/\/zipzapsocial.com\/ca\/wp-json\/wp\/v2\/media\/?parent=2844"}],"wp:term":[{"taxonomy":"category","embeddable":true,"href":"https:\/\/zipzapsocial.com\/ca\/wp-json\/wp\/v2\/categories\/?post=2844"},{"taxonomy":"post_tag","embeddable":true,"href":"https:\/\/zipzapsocial.com\/ca\/wp-json\/wp\/v2\/tags\/?post=2844"}],"curies":[{"name":"wp","href":"https:\/\/api.w.org\/{rel}","templated":true}]}}