{"id":2712,"date":"2019-03-04T11:56:00","date_gmt":"2019-03-04T11:56:00","guid":{"rendered":"http:\/\/zipzapsocial.com\/?p=2712"},"modified":"2019-03-13T15:11:58","modified_gmt":"2019-03-13T15:11:58","slug":"nova-trobada-de-zip-zap-en-forma-amb-alvaro-molinuevo-efav","status":"publish","type":"post","link":"https:\/\/zipzapsocial.com\/ca\/nova-trobada-de-zip-zap-en-forma-amb-alvaro-molinuevo-efav\/","title":{"rendered":"Nova trobada de Zip Zap En Forma amb \u00c1lvaro Molinuevo (EFAV)"},"content":{"rendered":"<p style=\"text-align: justify;\"><span style=\"font-weight: 400;\">El director t\u00e8cnic de l\u2019<\/span><b>Escola de Formaci\u00f3 Aeron\u00e0utica de Vilanova i la Geltr\u00fa<\/b><span style=\"font-weight: 400;\"> (<a href=\"http:\/\/www.efav.cat\/\">EFAV<\/a>) <\/span><b>\u00c1lvaro Molinuevo <\/b><span style=\"font-weight: 400;\">ha protagonitzat la segona trobada de Zip Zap En Forma, una iniciativa de Zip Zap Social pensada perqu\u00e8 el seu equip conegui de prop i en profunditat els projectes i traject\u00f2ries dels seus clients i col\u00b7laboradors.<\/span><\/p>\n<p>&nbsp;<\/p>\n<p style=\"text-align: justify;\"><b>Client de Zip Zap Social<\/b><span style=\"font-weight: 400;\"> des de fa 3 anys, la EFAV \u00e9s una de les 10 escoles d\u2019Espanya homologades per l\u2019Ag\u00e8ncia Estatal de Seguretat A\u00e8ria per oferir un <\/span><b>Curs de T\u00e8cnic de Manteniment d\u2019Aeronaus v\u00e0lid a nivell europeu<\/b><span style=\"font-weight: 400;\">. \u00c1lvaro Molinuevo ha destacat la col\u00b7laboraci\u00f3 de Zip Zap Social en l\u2019<\/span><b>increment de matriculacions d\u2019alumnes al curs<\/b><span style=\"font-weight: 400;\">, per al que actualment hi ha llista d\u2019espera. Tamb\u00e9 ha explicat que la formaci\u00f3 a l\u2019EFAV est\u00e0 marcada pel fet de ser un <\/span><b>centre ocupacional<\/b><span style=\"font-weight: 400;\">.<\/span><\/p>\n<p>&nbsp;<\/p>\n<p style=\"text-align: justify;\"><span style=\"font-weight: 400;\">El director t\u00e8cnic de l\u2019EFAV ha compartit amb l\u2019equip de Zip Zap Social la seva traject\u00f2ria personal en el m\u00f3n de l\u2019enginyeria i l\u2019aviaci\u00f3, aix\u00ed com per la seva estrat\u00e8gia per a l\u2019EFAV. En aquest sentit ha subratllat que per aquest proper curs augmentar\u00e0 l\u2019exig\u00e8ncia d\u2019acc\u00e9s amb l\u2019objectiu d\u2019<\/span><b>incrementar l\u2019excel\u00b7l\u00e8ncia de l\u2019escola<\/b><span style=\"font-weight: 400;\">. Tamb\u00e9 ha ressaltat la import\u00e0ncia de <\/span><b>fomentar l\u2019angl\u00e8s <\/b><span style=\"font-weight: 400;\">entre els alumnes, per la qual cosa ha explicat que s\u2019ha creat un cicle de confer\u00e8ncies d\u2019angl\u00e8s t\u00e8cnic aeron\u00e0utic.<\/span><\/p>\n<p style=\"text-align: justify;\">\n","protected":false},"excerpt":{"rendered":"<p>El director t\u00e8cnic de l\u2019Escola de Formaci\u00f3 Aeron\u00e0utica de Vilanova i la Geltr\u00fa (EFAV) \u00c1lvaro Molinuevo ha protagonitzat la segona trobada de Zip Zap En Forma, una iniciativa de Zip Zap Social pensada perqu\u00e8 el seu equip conegui de prop&hellip;<\/p>\n","protected":false},"author":6,"featured_media":2710,"comment_status":"closed","ping_status":"closed","sticky":false,"template":"","format":"standard","meta":[],"categories":[105],"tags":[],"yoast_head":"<!-- This site is optimized with the Yoast SEO plugin v18.3 - https:\/\/yoast.com\/wordpress\/plugins\/seo\/ -->\n<title>Nova trobada de Zip Zap En Forma amb \u00c1lvaro Molinuevo (EFAV) - ZipZap Social<\/title>\n<meta name=\"robots\" content=\"index, follow, max-snippet:-1, max-image-preview:large, max-video-preview:-1\" \/>\n<link rel=\"canonical\" href=\"https:\/\/zipzapsocial.com\/ca\/nova-trobada-de-zip-zap-en-forma-amb-alvaro-molinuevo-efav\/\" \/>\n<meta property=\"og:locale\" content=\"ca_ES\" \/>\n<meta property=\"og:type\" content=\"article\" \/>\n<meta property=\"og:title\" content=\"Nova trobada de Zip Zap En Forma amb \u00c1lvaro Molinuevo (EFAV) - ZipZap Social\" \/>\n<meta property=\"og:description\" content=\"El director t\u00e8cnic de l\u2019Escola de Formaci\u00f3 Aeron\u00e0utica de Vilanova i la Geltr\u00fa (EFAV) \u00c1lvaro Molinuevo ha protagonitzat la segona trobada de Zip Zap En Forma, una iniciativa de Zip Zap Social pensada perqu\u00e8 el seu equip conegui de prop&hellip;\" \/>\n<meta property=\"og:url\" content=\"https:\/\/zipzapsocial.com\/ca\/nova-trobada-de-zip-zap-en-forma-amb-alvaro-molinuevo-efav\/\" \/>\n<meta property=\"og:site_name\" content=\"ZipZap Social\" \/>\n<meta property=\"article:published_time\" content=\"2019-03-04T11:56:00+00:00\" \/>\n<meta property=\"article:modified_time\" content=\"2019-03-13T15:11:58+00:00\" \/>\n<meta property=\"og:image\" content=\"https:\/\/zipzapsocial.com\/wp-content\/uploads\/2019\/03\/Zip-Zap-En-Forma-\u00c1lvaro-Molinuevo.jpg\" \/>\n\t<meta property=\"og:image:width\" content=\"1800\" \/>\n\t<meta property=\"og:image:height\" content=\"797\" \/>\n\t<meta property=\"og:image:type\" content=\"image\/jpeg\" \/>\n<meta name=\"twitter:card\" content=\"summary_large_image\" \/>\n<meta name=\"twitter:label1\" content=\"Escrit per\" \/>\n\t<meta name=\"twitter:data1\" content=\"Montse\" \/>\n\t<meta name=\"twitter:label2\" content=\"Temps estimat de lectura\" \/>\n\t<meta name=\"twitter:data2\" content=\"1 minut\" \/>\n<script type=\"application\/ld+json\" class=\"yoast-schema-graph\">{\"@context\":\"https:\/\/schema.org\",\"@graph\":[{\"@type\":\"WebSite\",\"@id\":\"https:\/\/zipzapsocial.com\/#website\",\"url\":\"https:\/\/zipzapsocial.com\/\",\"name\":\"ZipZap Social\",\"description\":\"Just another WordPress site\",\"potentialAction\":[{\"@type\":\"SearchAction\",\"target\":{\"@type\":\"EntryPoint\",\"urlTemplate\":\"https:\/\/zipzapsocial.com\/?s={search_term_string}\"},\"query-input\":\"required name=search_term_string\"}],\"inLanguage\":\"ca\"},{\"@type\":\"ImageObject\",\"@id\":\"https:\/\/zipzapsocial.com\/ca\/nova-trobada-de-zip-zap-en-forma-amb-alvaro-molinuevo-efav\/#primaryimage\",\"inLanguage\":\"ca\",\"url\":\"https:\/\/zipzapsocial.com\/wp-content\/uploads\/2019\/03\/Zip-Zap-En-Forma-\u00c1lvaro-Molinuevo.jpg\",\"contentUrl\":\"https:\/\/zipzapsocial.com\/wp-content\/uploads\/2019\/03\/Zip-Zap-En-Forma-\u00c1lvaro-Molinuevo.jpg\",\"width\":1800,\"height\":797},{\"@type\":\"WebPage\",\"@id\":\"https:\/\/zipzapsocial.com\/ca\/nova-trobada-de-zip-zap-en-forma-amb-alvaro-molinuevo-efav\/#webpage\",\"url\":\"https:\/\/zipzapsocial.com\/ca\/nova-trobada-de-zip-zap-en-forma-amb-alvaro-molinuevo-efav\/\",\"name\":\"Nova trobada de Zip Zap En Forma amb \u00c1lvaro Molinuevo (EFAV) - ZipZap Social\",\"isPartOf\":{\"@id\":\"https:\/\/zipzapsocial.com\/#website\"},\"primaryImageOfPage\":{\"@id\":\"https:\/\/zipzapsocial.com\/ca\/nova-trobada-de-zip-zap-en-forma-amb-alvaro-molinuevo-efav\/#primaryimage\"},\"datePublished\":\"2019-03-04T11:56:00+00:00\",\"dateModified\":\"2019-03-13T15:11:58+00:00\",\"author\":{\"@id\":\"https:\/\/zipzapsocial.com\/#\/schema\/person\/cf3d3ca5bfde4e034b5747ceddc98024\"},\"breadcrumb\":{\"@id\":\"https:\/\/zipzapsocial.com\/ca\/nova-trobada-de-zip-zap-en-forma-amb-alvaro-molinuevo-efav\/#breadcrumb\"},\"inLanguage\":\"ca\",\"potentialAction\":[{\"@type\":\"ReadAction\",\"target\":[\"https:\/\/zipzapsocial.com\/ca\/nova-trobada-de-zip-zap-en-forma-amb-alvaro-molinuevo-efav\/\"]}]},{\"@type\":\"BreadcrumbList\",\"@id\":\"https:\/\/zipzapsocial.com\/ca\/nova-trobada-de-zip-zap-en-forma-amb-alvaro-molinuevo-efav\/#breadcrumb\",\"itemListElement\":[{\"@type\":\"ListItem\",\"position\":1,\"name\":\"Portada\",\"item\":\"https:\/\/zipzapsocial.com\/ca\/\"},{\"@type\":\"ListItem\",\"position\":2,\"name\":\"Nova trobada de Zip Zap En Forma amb \u00c1lvaro Molinuevo (EFAV)\"}]},{\"@type\":\"Person\",\"@id\":\"https:\/\/zipzapsocial.com\/#\/schema\/person\/cf3d3ca5bfde4e034b5747ceddc98024\",\"name\":\"Montse\",\"image\":{\"@type\":\"ImageObject\",\"@id\":\"https:\/\/zipzapsocial.com\/#personlogo\",\"inLanguage\":\"ca\",\"url\":\"https:\/\/secure.gravatar.com\/avatar\/78f13e42eb4a0b67e3bb502c4a65461c?s=96&d=mm&r=g\",\"contentUrl\":\"https:\/\/secure.gravatar.com\/avatar\/78f13e42eb4a0b67e3bb502c4a65461c?s=96&d=mm&r=g\",\"caption\":\"Montse\"},\"url\":\"https:\/\/zipzapsocial.com\/ca\/author\/xenia\/\"}]}<\/script>\n<!-- \/ Yoast SEO plugin. -->","yoast_head_json":{"title":"Nova trobada de Zip Zap En Forma amb \u00c1lvaro Molinuevo (EFAV) - ZipZap Social","robots":{"index":"index","follow":"follow","max-snippet":"max-snippet:-1","max-image-preview":"max-image-preview:large","max-video-preview":"max-video-preview:-1"},"canonical":"https:\/\/zipzapsocial.com\/ca\/nova-trobada-de-zip-zap-en-forma-amb-alvaro-molinuevo-efav\/","og_locale":"ca_ES","og_type":"article","og_title":"Nova trobada de Zip Zap En Forma amb \u00c1lvaro Molinuevo (EFAV) - ZipZap Social","og_description":"El director t\u00e8cnic de l\u2019Escola de Formaci\u00f3 Aeron\u00e0utica de Vilanova i la Geltr\u00fa (EFAV) \u00c1lvaro Molinuevo ha protagonitzat la segona trobada de Zip Zap En Forma, una iniciativa de Zip Zap Social pensada perqu\u00e8 el seu equip conegui de prop&hellip;","og_url":"https:\/\/zipzapsocial.com\/ca\/nova-trobada-de-zip-zap-en-forma-amb-alvaro-molinuevo-efav\/","og_site_name":"ZipZap Social","article_published_time":"2019-03-04T11:56:00+00:00","article_modified_time":"2019-03-13T15:11:58+00:00","og_image":[{"width":1800,"height":797,"url":"https:\/\/zipzapsocial.com\/wp-content\/uploads\/2019\/03\/Zip-Zap-En-Forma-\u00c1lvaro-Molinuevo.jpg","type":"image\/jpeg"}],"twitter_card":"summary_large_image","twitter_misc":{"Escrit per":"Montse","Temps estimat de lectura":"1 minut"},"schema":{"@context":"https:\/\/schema.org","@graph":[{"@type":"WebSite","@id":"https:\/\/zipzapsocial.com\/#website","url":"https:\/\/zipzapsocial.com\/","name":"ZipZap Social","description":"Just another WordPress site","potentialAction":[{"@type":"SearchAction","target":{"@type":"EntryPoint","urlTemplate":"https:\/\/zipzapsocial.com\/?s={search_term_string}"},"query-input":"required name=search_term_string"}],"inLanguage":"ca"},{"@type":"ImageObject","@id":"https:\/\/zipzapsocial.com\/ca\/nova-trobada-de-zip-zap-en-forma-amb-alvaro-molinuevo-efav\/#primaryimage","inLanguage":"ca","url":"https:\/\/zipzapsocial.com\/wp-content\/uploads\/2019\/03\/Zip-Zap-En-Forma-\u00c1lvaro-Molinuevo.jpg","contentUrl":"https:\/\/zipzapsocial.com\/wp-content\/uploads\/2019\/03\/Zip-Zap-En-Forma-\u00c1lvaro-Molinuevo.jpg","width":1800,"height":797},{"@type":"WebPage","@id":"https:\/\/zipzapsocial.com\/ca\/nova-trobada-de-zip-zap-en-forma-amb-alvaro-molinuevo-efav\/#webpage","url":"https:\/\/zipzapsocial.com\/ca\/nova-trobada-de-zip-zap-en-forma-amb-alvaro-molinuevo-efav\/","name":"Nova trobada de Zip Zap En Forma amb \u00c1lvaro Molinuevo (EFAV) - ZipZap Social","isPartOf":{"@id":"https:\/\/zipzapsocial.com\/#website"},"primaryImageOfPage":{"@id":"https:\/\/zipzapsocial.com\/ca\/nova-trobada-de-zip-zap-en-forma-amb-alvaro-molinuevo-efav\/#primaryimage"},"datePublished":"2019-03-04T11:56:00+00:00","dateModified":"2019-03-13T15:11:58+00:00","author":{"@id":"https:\/\/zipzapsocial.com\/#\/schema\/person\/cf3d3ca5bfde4e034b5747ceddc98024"},"breadcrumb":{"@id":"https:\/\/zipzapsocial.com\/ca\/nova-trobada-de-zip-zap-en-forma-amb-alvaro-molinuevo-efav\/#breadcrumb"},"inLanguage":"ca","potentialAction":[{"@type":"ReadAction","target":["https:\/\/zipzapsocial.com\/ca\/nova-trobada-de-zip-zap-en-forma-amb-alvaro-molinuevo-efav\/"]}]},{"@type":"BreadcrumbList","@id":"https:\/\/zipzapsocial.com\/ca\/nova-trobada-de-zip-zap-en-forma-amb-alvaro-molinuevo-efav\/#breadcrumb","itemListElement":[{"@type":"ListItem","position":1,"name":"Portada","item":"https:\/\/zipzapsocial.com\/ca\/"},{"@type":"ListItem","position":2,"name":"Nova trobada de Zip Zap En Forma amb \u00c1lvaro Molinuevo (EFAV)"}]},{"@type":"Person","@id":"https:\/\/zipzapsocial.com\/#\/schema\/person\/cf3d3ca5bfde4e034b5747ceddc98024","name":"Montse","image":{"@type":"ImageObject","@id":"https:\/\/zipzapsocial.com\/#personlogo","inLanguage":"ca","url":"https:\/\/secure.gravatar.com\/avatar\/78f13e42eb4a0b67e3bb502c4a65461c?s=96&d=mm&r=g","contentUrl":"https:\/\/secure.gravatar.com\/avatar\/78f13e42eb4a0b67e3bb502c4a65461c?s=96&d=mm&r=g","caption":"Montse"},"url":"https:\/\/zipzapsocial.com\/ca\/author\/xenia\/"}]}},"_links":{"self":[{"href":"https:\/\/zipzapsocial.com\/ca\/wp-json\/wp\/v2\/posts\/2712\/"}],"collection":[{"href":"https:\/\/zipzapsocial.com\/ca\/wp-json\/wp\/v2\/posts\/"}],"about":[{"href":"https:\/\/zipzapsocial.com\/ca\/wp-json\/wp\/v2\/types\/post\/"}],"author":[{"embeddable":true,"href":"https:\/\/zipzapsocial.com\/ca\/wp-json\/wp\/v2\/users\/6\/"}],"replies":[{"embeddable":true,"href":"https:\/\/zipzapsocial.com\/ca\/wp-json\/wp\/v2\/comments\/?post=2712"}],"version-history":[{"count":3,"href":"https:\/\/zipzapsocial.com\/ca\/wp-json\/wp\/v2\/posts\/2712\/revisions\/"}],"predecessor-version":[{"id":2802,"href":"https:\/\/zipzapsocial.com\/ca\/wp-json\/wp\/v2\/posts\/2712\/revisions\/2802\/"}],"wp:featuredmedia":[{"embeddable":true,"href":"https:\/\/zipzapsocial.com\/ca\/wp-json\/wp\/v2\/media\/2710\/"}],"wp:attachment":[{"href":"https:\/\/zipzapsocial.com\/ca\/wp-json\/wp\/v2\/media\/?parent=2712"}],"wp:term":[{"taxonomy":"category","embeddable":true,"href":"https:\/\/zipzapsocial.com\/ca\/wp-json\/wp\/v2\/categories\/?post=2712"},{"taxonomy":"post_tag","embeddable":true,"href":"https:\/\/zipzapsocial.com\/ca\/wp-json\/wp\/v2\/tags\/?post=2712"}],"curies":[{"name":"wp","href":"https:\/\/api.w.org\/{rel}","templated":true}]}}