{"id":2611,"date":"2019-02-20T16:23:12","date_gmt":"2019-02-20T16:23:12","guid":{"rendered":"http:\/\/zipzapsocial.com\/?p=2611"},"modified":"2019-03-13T15:14:57","modified_gmt":"2019-03-13T15:14:57","slug":"el-valor-afegit-del-branding-protagonista-de-la-primera-trobada-zip-zap-en-forma","status":"publish","type":"post","link":"https:\/\/zipzapsocial.com\/ca\/el-valor-afegit-del-branding-protagonista-de-la-primera-trobada-zip-zap-en-forma\/","title":{"rendered":"El valor afegit del branding, protagonista de la primera trobada Zip Zap En Forma"},"content":{"rendered":"<p style=\"text-align: justify;\"><span style=\"font-weight: 400;\">El dissenyador gr\u00e0fic cofundador de Bisdixit i<\/span> <strong>guanyador de 40 Premis Laus<\/strong> <span style=\"font-weight: 400;\">Pere \u00c1lvaro ha estat el primer convidat de <\/span><strong>Zip Zap En Forma<\/strong><span style=\"font-weight: 400;\"><strong>,<\/strong> una iniciativa de Zip Zap Social pensada perqu\u00e8 el seu equip conegui de prop i en profunditat els projectes i traject\u00f2ries dels seus clients i col\u00b7laboradors.<\/span><\/p>\n<p style=\"text-align: justify;\"><span style=\"font-weight: 400;\"><br \/>\n<\/span><span style=\"font-weight: 400;\"><br \/>\n<\/span><strong>Col\u00b7laborador de Zip Zap Social en la direcci\u00f3 creativa<\/strong><span style=\"font-weight: 400;\"> de les nostres accions i campanyes, Pere \u00c1lvaro tamb\u00e9 forma futurs dissenyadors a l&#8217;Escola d&#8217;Art i Superior de Disseny d&#8217;Olot.<\/span><\/p>\n<p style=\"text-align: justify;\"><span style=\"font-weight: 400;\"><br \/>\n<\/span><span style=\"font-weight: 400;\"><br \/>\n<\/span><span style=\"font-weight: 400;\">En la trobada, l&#8217;equip de Zip Zap Social ha pogut compartir amb Pere \u00c1lvaro la seva <\/span><strong>aposta pel branding com a valor afegit per a qualsevol companyia<\/strong><span style=\"font-weight: 400;\"><strong>. <\/strong>Pere \u00c1lvaro ha destacat la import\u00e0ncia de generar una estrat\u00e8gia de branding des de l&#8217;origen d\u2019un projecte. Tamb\u00e9 ha subratllat que <\/span><strong>la identitat gr\u00e0fica, la cultura corporativa i la comunicaci\u00f3 d\u2019una empresa han d&#8217;anar en una mateixa l\u00ednia<\/strong> <span style=\"font-weight: 400;\">perqu\u00e8 una marca tingui \u00e8xit.<\/span><span style=\"font-weight: 400;\"><br \/>\n<\/span><span style=\"font-weight: 400;\"><br \/>\n<\/span><span style=\"font-weight: 400;\">La iniciativa Zip Zap En Forma seguir\u00e0 amb noves trobades al llarg del 2019.<\/span><\/p>\n","protected":false},"excerpt":{"rendered":"<p>El dissenyador gr\u00e0fic cofundador de Bisdixit i guanyador de 40 Premis Laus Pere \u00c1lvaro ha estat el primer convidat de Zip Zap En Forma, una iniciativa de Zip Zap Social pensada perqu\u00e8 el seu equip conegui de prop i en&hellip;<\/p>\n","protected":false},"author":6,"featured_media":2609,"comment_status":"closed","ping_status":"closed","sticky":false,"template":"","format":"standard","meta":[],"categories":[105],"tags":[],"yoast_head":"<!-- This site is optimized with the Yoast SEO plugin v18.3 - https:\/\/yoast.com\/wordpress\/plugins\/seo\/ -->\n<title>El valor afegit del branding, protagonista de la primera trobada Zip Zap En Forma - ZipZap Social<\/title>\n<meta name=\"robots\" content=\"index, follow, max-snippet:-1, max-image-preview:large, max-video-preview:-1\" \/>\n<link rel=\"canonical\" href=\"https:\/\/zipzapsocial.com\/ca\/el-valor-afegit-del-branding-protagonista-de-la-primera-trobada-zip-zap-en-forma\/\" \/>\n<meta property=\"og:locale\" content=\"ca_ES\" \/>\n<meta property=\"og:type\" content=\"article\" \/>\n<meta property=\"og:title\" content=\"El valor afegit del branding, protagonista de la primera trobada Zip Zap En Forma - ZipZap Social\" \/>\n<meta property=\"og:description\" content=\"El dissenyador gr\u00e0fic cofundador de Bisdixit i guanyador de 40 Premis Laus Pere \u00c1lvaro ha estat el primer convidat de Zip Zap En Forma, una iniciativa de Zip Zap Social pensada perqu\u00e8 el seu equip conegui de prop i en&hellip;\" \/>\n<meta property=\"og:url\" content=\"https:\/\/zipzapsocial.com\/ca\/el-valor-afegit-del-branding-protagonista-de-la-primera-trobada-zip-zap-en-forma\/\" \/>\n<meta property=\"og:site_name\" content=\"ZipZap Social\" \/>\n<meta property=\"article:published_time\" content=\"2019-02-20T16:23:12+00:00\" \/>\n<meta property=\"article:modified_time\" content=\"2019-03-13T15:14:57+00:00\" \/>\n<meta property=\"og:image\" content=\"https:\/\/zipzapsocial.com\/wp-content\/uploads\/2019\/02\/Zip-Zap-Social-Pere-\u00c1lvaro-190219.jpg\" \/>\n\t<meta property=\"og:image:width\" content=\"1449\" \/>\n\t<meta property=\"og:image:height\" content=\"800\" \/>\n\t<meta property=\"og:image:type\" content=\"image\/jpeg\" \/>\n<meta name=\"twitter:card\" content=\"summary_large_image\" \/>\n<meta name=\"twitter:label1\" content=\"Escrit per\" \/>\n\t<meta name=\"twitter:data1\" content=\"Montse\" \/>\n\t<meta name=\"twitter:label2\" content=\"Temps estimat de lectura\" \/>\n\t<meta name=\"twitter:data2\" content=\"1 minut\" \/>\n<script type=\"application\/ld+json\" class=\"yoast-schema-graph\">{\"@context\":\"https:\/\/schema.org\",\"@graph\":[{\"@type\":\"WebSite\",\"@id\":\"https:\/\/zipzapsocial.com\/#website\",\"url\":\"https:\/\/zipzapsocial.com\/\",\"name\":\"ZipZap Social\",\"description\":\"Just another WordPress site\",\"potentialAction\":[{\"@type\":\"SearchAction\",\"target\":{\"@type\":\"EntryPoint\",\"urlTemplate\":\"https:\/\/zipzapsocial.com\/?s={search_term_string}\"},\"query-input\":\"required name=search_term_string\"}],\"inLanguage\":\"ca\"},{\"@type\":\"ImageObject\",\"@id\":\"https:\/\/zipzapsocial.com\/ca\/el-valor-afegit-del-branding-protagonista-de-la-primera-trobada-zip-zap-en-forma\/#primaryimage\",\"inLanguage\":\"ca\",\"url\":\"https:\/\/zipzapsocial.com\/wp-content\/uploads\/2019\/02\/Zip-Zap-Social-Pere-\u00c1lvaro-190219.jpg\",\"contentUrl\":\"https:\/\/zipzapsocial.com\/wp-content\/uploads\/2019\/02\/Zip-Zap-Social-Pere-\u00c1lvaro-190219.jpg\",\"width\":1449,\"height\":800},{\"@type\":\"WebPage\",\"@id\":\"https:\/\/zipzapsocial.com\/ca\/el-valor-afegit-del-branding-protagonista-de-la-primera-trobada-zip-zap-en-forma\/#webpage\",\"url\":\"https:\/\/zipzapsocial.com\/ca\/el-valor-afegit-del-branding-protagonista-de-la-primera-trobada-zip-zap-en-forma\/\",\"name\":\"El valor afegit del branding, protagonista de la primera trobada Zip Zap En Forma - ZipZap Social\",\"isPartOf\":{\"@id\":\"https:\/\/zipzapsocial.com\/#website\"},\"primaryImageOfPage\":{\"@id\":\"https:\/\/zipzapsocial.com\/ca\/el-valor-afegit-del-branding-protagonista-de-la-primera-trobada-zip-zap-en-forma\/#primaryimage\"},\"datePublished\":\"2019-02-20T16:23:12+00:00\",\"dateModified\":\"2019-03-13T15:14:57+00:00\",\"author\":{\"@id\":\"https:\/\/zipzapsocial.com\/#\/schema\/person\/cf3d3ca5bfde4e034b5747ceddc98024\"},\"breadcrumb\":{\"@id\":\"https:\/\/zipzapsocial.com\/ca\/el-valor-afegit-del-branding-protagonista-de-la-primera-trobada-zip-zap-en-forma\/#breadcrumb\"},\"inLanguage\":\"ca\",\"potentialAction\":[{\"@type\":\"ReadAction\",\"target\":[\"https:\/\/zipzapsocial.com\/ca\/el-valor-afegit-del-branding-protagonista-de-la-primera-trobada-zip-zap-en-forma\/\"]}]},{\"@type\":\"BreadcrumbList\",\"@id\":\"https:\/\/zipzapsocial.com\/ca\/el-valor-afegit-del-branding-protagonista-de-la-primera-trobada-zip-zap-en-forma\/#breadcrumb\",\"itemListElement\":[{\"@type\":\"ListItem\",\"position\":1,\"name\":\"Portada\",\"item\":\"https:\/\/zipzapsocial.com\/ca\/\"},{\"@type\":\"ListItem\",\"position\":2,\"name\":\"El valor afegit del branding, protagonista de la primera trobada Zip Zap En Forma\"}]},{\"@type\":\"Person\",\"@id\":\"https:\/\/zipzapsocial.com\/#\/schema\/person\/cf3d3ca5bfde4e034b5747ceddc98024\",\"name\":\"Montse\",\"image\":{\"@type\":\"ImageObject\",\"@id\":\"https:\/\/zipzapsocial.com\/#personlogo\",\"inLanguage\":\"ca\",\"url\":\"https:\/\/secure.gravatar.com\/avatar\/78f13e42eb4a0b67e3bb502c4a65461c?s=96&d=mm&r=g\",\"contentUrl\":\"https:\/\/secure.gravatar.com\/avatar\/78f13e42eb4a0b67e3bb502c4a65461c?s=96&d=mm&r=g\",\"caption\":\"Montse\"},\"url\":\"https:\/\/zipzapsocial.com\/ca\/author\/xenia\/\"}]}<\/script>\n<!-- \/ Yoast SEO plugin. -->","yoast_head_json":{"title":"El valor afegit del branding, protagonista de la primera trobada Zip Zap En Forma - ZipZap Social","robots":{"index":"index","follow":"follow","max-snippet":"max-snippet:-1","max-image-preview":"max-image-preview:large","max-video-preview":"max-video-preview:-1"},"canonical":"https:\/\/zipzapsocial.com\/ca\/el-valor-afegit-del-branding-protagonista-de-la-primera-trobada-zip-zap-en-forma\/","og_locale":"ca_ES","og_type":"article","og_title":"El valor afegit del branding, protagonista de la primera trobada Zip Zap En Forma - ZipZap Social","og_description":"El dissenyador gr\u00e0fic cofundador de Bisdixit i guanyador de 40 Premis Laus Pere \u00c1lvaro ha estat el primer convidat de Zip Zap En Forma, una iniciativa de Zip Zap Social pensada perqu\u00e8 el seu equip conegui de prop i en&hellip;","og_url":"https:\/\/zipzapsocial.com\/ca\/el-valor-afegit-del-branding-protagonista-de-la-primera-trobada-zip-zap-en-forma\/","og_site_name":"ZipZap Social","article_published_time":"2019-02-20T16:23:12+00:00","article_modified_time":"2019-03-13T15:14:57+00:00","og_image":[{"width":1449,"height":800,"url":"https:\/\/zipzapsocial.com\/wp-content\/uploads\/2019\/02\/Zip-Zap-Social-Pere-\u00c1lvaro-190219.jpg","type":"image\/jpeg"}],"twitter_card":"summary_large_image","twitter_misc":{"Escrit per":"Montse","Temps estimat de lectura":"1 minut"},"schema":{"@context":"https:\/\/schema.org","@graph":[{"@type":"WebSite","@id":"https:\/\/zipzapsocial.com\/#website","url":"https:\/\/zipzapsocial.com\/","name":"ZipZap Social","description":"Just another WordPress site","potentialAction":[{"@type":"SearchAction","target":{"@type":"EntryPoint","urlTemplate":"https:\/\/zipzapsocial.com\/?s={search_term_string}"},"query-input":"required name=search_term_string"}],"inLanguage":"ca"},{"@type":"ImageObject","@id":"https:\/\/zipzapsocial.com\/ca\/el-valor-afegit-del-branding-protagonista-de-la-primera-trobada-zip-zap-en-forma\/#primaryimage","inLanguage":"ca","url":"https:\/\/zipzapsocial.com\/wp-content\/uploads\/2019\/02\/Zip-Zap-Social-Pere-\u00c1lvaro-190219.jpg","contentUrl":"https:\/\/zipzapsocial.com\/wp-content\/uploads\/2019\/02\/Zip-Zap-Social-Pere-\u00c1lvaro-190219.jpg","width":1449,"height":800},{"@type":"WebPage","@id":"https:\/\/zipzapsocial.com\/ca\/el-valor-afegit-del-branding-protagonista-de-la-primera-trobada-zip-zap-en-forma\/#webpage","url":"https:\/\/zipzapsocial.com\/ca\/el-valor-afegit-del-branding-protagonista-de-la-primera-trobada-zip-zap-en-forma\/","name":"El valor afegit del branding, protagonista de la primera trobada Zip Zap En Forma - ZipZap Social","isPartOf":{"@id":"https:\/\/zipzapsocial.com\/#website"},"primaryImageOfPage":{"@id":"https:\/\/zipzapsocial.com\/ca\/el-valor-afegit-del-branding-protagonista-de-la-primera-trobada-zip-zap-en-forma\/#primaryimage"},"datePublished":"2019-02-20T16:23:12+00:00","dateModified":"2019-03-13T15:14:57+00:00","author":{"@id":"https:\/\/zipzapsocial.com\/#\/schema\/person\/cf3d3ca5bfde4e034b5747ceddc98024"},"breadcrumb":{"@id":"https:\/\/zipzapsocial.com\/ca\/el-valor-afegit-del-branding-protagonista-de-la-primera-trobada-zip-zap-en-forma\/#breadcrumb"},"inLanguage":"ca","potentialAction":[{"@type":"ReadAction","target":["https:\/\/zipzapsocial.com\/ca\/el-valor-afegit-del-branding-protagonista-de-la-primera-trobada-zip-zap-en-forma\/"]}]},{"@type":"BreadcrumbList","@id":"https:\/\/zipzapsocial.com\/ca\/el-valor-afegit-del-branding-protagonista-de-la-primera-trobada-zip-zap-en-forma\/#breadcrumb","itemListElement":[{"@type":"ListItem","position":1,"name":"Portada","item":"https:\/\/zipzapsocial.com\/ca\/"},{"@type":"ListItem","position":2,"name":"El valor afegit del branding, protagonista de la primera trobada Zip Zap En Forma"}]},{"@type":"Person","@id":"https:\/\/zipzapsocial.com\/#\/schema\/person\/cf3d3ca5bfde4e034b5747ceddc98024","name":"Montse","image":{"@type":"ImageObject","@id":"https:\/\/zipzapsocial.com\/#personlogo","inLanguage":"ca","url":"https:\/\/secure.gravatar.com\/avatar\/78f13e42eb4a0b67e3bb502c4a65461c?s=96&d=mm&r=g","contentUrl":"https:\/\/secure.gravatar.com\/avatar\/78f13e42eb4a0b67e3bb502c4a65461c?s=96&d=mm&r=g","caption":"Montse"},"url":"https:\/\/zipzapsocial.com\/ca\/author\/xenia\/"}]}},"_links":{"self":[{"href":"https:\/\/zipzapsocial.com\/ca\/wp-json\/wp\/v2\/posts\/2611\/"}],"collection":[{"href":"https:\/\/zipzapsocial.com\/ca\/wp-json\/wp\/v2\/posts\/"}],"about":[{"href":"https:\/\/zipzapsocial.com\/ca\/wp-json\/wp\/v2\/types\/post\/"}],"author":[{"embeddable":true,"href":"https:\/\/zipzapsocial.com\/ca\/wp-json\/wp\/v2\/users\/6\/"}],"replies":[{"embeddable":true,"href":"https:\/\/zipzapsocial.com\/ca\/wp-json\/wp\/v2\/comments\/?post=2611"}],"version-history":[{"count":3,"href":"https:\/\/zipzapsocial.com\/ca\/wp-json\/wp\/v2\/posts\/2611\/revisions\/"}],"predecessor-version":[{"id":2804,"href":"https:\/\/zipzapsocial.com\/ca\/wp-json\/wp\/v2\/posts\/2611\/revisions\/2804\/"}],"wp:featuredmedia":[{"embeddable":true,"href":"https:\/\/zipzapsocial.com\/ca\/wp-json\/wp\/v2\/media\/2609\/"}],"wp:attachment":[{"href":"https:\/\/zipzapsocial.com\/ca\/wp-json\/wp\/v2\/media\/?parent=2611"}],"wp:term":[{"taxonomy":"category","embeddable":true,"href":"https:\/\/zipzapsocial.com\/ca\/wp-json\/wp\/v2\/categories\/?post=2611"},{"taxonomy":"post_tag","embeddable":true,"href":"https:\/\/zipzapsocial.com\/ca\/wp-json\/wp\/v2\/tags\/?post=2611"}],"curies":[{"name":"wp","href":"https:\/\/api.w.org\/{rel}","templated":true}]}}